{"id":11791,"date":"2023-02-28T15:45:10","date_gmt":"2023-02-28T14:45:10","guid":{"rendered":"https:\/\/www.alliance-sahel.org\/press\/next-events\/consultations-mauritaniennes-pour-renforcer-laction-collective-au-sahel\/"},"modified":"2026-04-02T17:22:38","modified_gmt":"2026-04-02T15:22:38","slug":"consultations-mauritaniennes-pour-renforcer-laction-collective-au-sahel","status":"publish","type":"post","link":"https:\/\/www.alliance-sahel.org\/en\/press\/consultations-mauritaniennes-pour-renforcer-laction-collective-au-sahel\/","title":{"rendered":"Mauritanian consultations to strengthen collective action in the Sahel"},"content":{"rendered":"\n<p class=\"has-medium-font-size\"><strong>Nouakchott, 23 February 2023 \u2013 A delegation from the Sahel Alliance visited the Mauritanian authorities in the aftermath of the extraordinary summit of G5 Sahel heads of state held in N\u2019Djamena on 20 February. The main objective was to listen to the Government on Mauritania&#8217;s priorities in the framework of its new G5 Sahel presidency. The mission also met with the Executive Secretary of the G5 Sahel, in order to strengthen the partnership between the Alliance and the G5.<\/strong><\/p>\n\n\n\n<div style=\"height:20px\" aria-hidden=\"true\" class=\"wp-block-spacer\"><\/div>\n\n\n\n<figure class=\"wp-block-image size-large\"><img loading=\"lazy\" decoding=\"async\" width=\"1260\" height=\"662\" src=\"https:\/\/www.alliance-sahel.org\/wp-content\/uploads\/2023\/02\/Mauritanie-1260x662.jpg\" alt=\"\" class=\"wp-image-11750\" srcset=\"https:\/\/www.alliance-sahel.org\/wp-content\/uploads\/2023\/02\/Mauritanie-1260x662.jpg 1260w, https:\/\/www.alliance-sahel.org\/wp-content\/uploads\/2023\/02\/Mauritanie-768x404.jpg 768w, https:\/\/www.alliance-sahel.org\/wp-content\/uploads\/2023\/02\/Mauritanie.jpg 1478w\" sizes=\"(max-width: 1260px) 100vw, 1260px\" \/><\/figure>\n\n\n\n<div style=\"height:20px\" aria-hidden=\"true\" class=\"wp-block-spacer\"><\/div>\n\n\n\n<p>The Sahel Alliance delegation was composed of:<\/p>\n\n\n\n<ul><li>Carmen MAGARINOS CASAL (Director for Cooperation with Africa and Asia, AECID) representing the Spanish presidency of the Sahel Alliance General Assembly<\/li><li>Ousmane DIAGANA (Vice-President of the World Bank for West and Central Africa), in his capacity as President of the Operational Steering Committee<\/li><li>Emmanuel DEBROISE, Head of the Coordination Unit. <\/li><\/ul>\n\n\n\n<p>The delegation was received by the President of the Republic, as well as by the Minister of Economic Affairs and Promotion of Productive Sectors and the Minister of Foreign Affairs, Cooperation and Mauritanians Abroad.<\/p>\n\n\n\n<p>The delegation reiterated <strong>the support of the Sahel Alliance to the development trajectory of Mauritania, as well as to the regional organisation G5 Sahel<\/strong> with which the Alliance wishes to continue the dialogue and collaboration in the development sector. The Chairs of the General Assembly and the Operational Steering Committee of the Alliance are indeed convinced that in the current very difficult context for the populations of several Sahelian regions, <strong>regional integration and solidarity remain essential to respond to security and development challenges.<\/strong><\/p>\n\n\n\n<div style=\"height:20px\" aria-hidden=\"true\" class=\"wp-block-spacer\"><\/div>\n\n\n\n<figure class=\"wp-block-image size-full\"><img loading=\"lazy\" decoding=\"async\" width=\"1080\" height=\"608\" src=\"https:\/\/www.alliance-sahel.org\/wp-content\/uploads\/2023\/02\/Presidence-edited.jpg\" alt=\"\" class=\"wp-image-11762\" srcset=\"https:\/\/www.alliance-sahel.org\/wp-content\/uploads\/2023\/02\/Presidence-edited.jpg 1080w, https:\/\/www.alliance-sahel.org\/wp-content\/uploads\/2023\/02\/Presidence-edited-768x432.jpg 768w\" sizes=\"(max-width: 1080px) 100vw, 1080px\" \/><figcaption><em>Audience of the Sahel Alliance delegation with H.E. President Mohamed Ould Cheikh El-Ghazouni<\/em><\/figcaption><\/figure>\n\n\n\n<div style=\"height:20px\" aria-hidden=\"true\" class=\"wp-block-spacer\"><\/div>\n\n\n\n<p>During these high-level meetings, the Mauritanian authorities thanked the Sahel Alliance for its support and agreed that the next Sahel Alliance General Assembly would be held in Nouakchott next June.<\/p>\n\n\n\n<p>In view of the evolving context in the region, they invited partners to<strong> mobilise and work, at the operational level, to obtain concrete, tangible results<\/strong> in terms of development to restore optimism and <strong>offer more prospects for the future to the people of the Sahel<\/strong>.<\/p>\n\n\n\n<p>In this respect, the relevance of the Integrated Territorial Approach was emphasised, as was the desire to strengthen the proximity and impact of development projects for the people of the Sahel. The Mauritanian authorities also expressed their wish to strengthen collaboration between the G5 Sahel and the Alliance, and to<strong> place development at the heart of collective action.<\/strong><\/p>\n\n\n\n<div style=\"height:20px\" aria-hidden=\"true\" class=\"wp-block-spacer\"><\/div>\n\n\n\n<figure class=\"wp-block-image size-large\"><img loading=\"lazy\" decoding=\"async\" width=\"1280\" height=\"720\" src=\"https:\/\/www.alliance-sahel.org\/wp-content\/uploads\/2023\/02\/2-edited.jpg\" alt=\"\" class=\"wp-image-11754\" srcset=\"https:\/\/www.alliance-sahel.org\/wp-content\/uploads\/2023\/02\/2-edited.jpg 1280w, https:\/\/www.alliance-sahel.org\/wp-content\/uploads\/2023\/02\/2-edited-768x432.jpg 768w, https:\/\/www.alliance-sahel.org\/wp-content\/uploads\/2023\/02\/2-edited-1260x709.jpg 1260w\" sizes=\"(max-width: 1280px) 100vw, 1280px\" \/><figcaption><em>Working meeting with the Minister of Economic Affairs and Promotion of Productive Sectors<\/em><\/figcaption><\/figure>\n\n\n\n<div style=\"height:20px\" aria-hidden=\"true\" class=\"wp-block-spacer\"><\/div>\n\n\n\n<p>The mission also met with the <em>D\u00e9l\u00e9gation g\u00e9n\u00e9rale \u00e0 la solidarit\u00e9 nationale et \u00e0 la lutte contre l&#8217;exclusion<\/em> (Taazour), which is responsible for developing and promoting socio-economic inclusion and the living conditions of poor and vulnerable households. Supported by several members of the Sahel Alliance (World Bank, German Cooperation, French Development Agency, Danish International Development Agency, British Cooperation), its programmes of social transfers, access to basic services, adaptive social protection, and food security, demonstrate, through their impacts, the impacts of a better coordinated response to Mauritanian priorities.<\/p>\n\n\n\n<div style=\"height:20px\" aria-hidden=\"true\" class=\"wp-block-spacer\"><\/div>\n\n\n\n<figure class=\"wp-block-image size-large\"><img loading=\"lazy\" decoding=\"async\" width=\"1260\" height=\"709\" src=\"https:\/\/www.alliance-sahel.org\/wp-content\/uploads\/2023\/02\/8-1-edited-1260x709.jpg\" alt=\"\" class=\"wp-image-11748\" srcset=\"https:\/\/www.alliance-sahel.org\/wp-content\/uploads\/2023\/02\/8-1-edited-1260x709.jpg 1260w, https:\/\/www.alliance-sahel.org\/wp-content\/uploads\/2023\/02\/8-1-edited-768x432.jpg 768w, https:\/\/www.alliance-sahel.org\/wp-content\/uploads\/2023\/02\/8-1-edited.jpg 1280w\" sizes=\"(max-width: 1260px) 100vw, 1260px\" \/><figcaption><em>Meeting between the Minister of Foreign Affairs and the Alliance Sahel delegation <\/em><\/figcaption><\/figure>\n\n\n\n<div style=\"height:20px\" aria-hidden=\"true\" class=\"wp-block-spacer\"><\/div>\n\n\n\n<p class=\"has-text-color has-medium-font-size\" style=\"color:#384066\"><strong>Reinvigorating cooperation with the G5 Sahel<\/strong><\/p>\n\n\n\n<p>The Sahel Alliance delegation was received by Eric Tiar\u00e9, Executive Secretary of the G5 Sahel and his team. Discussions focused on the new programmatic framework of the G5 Sahel (revised development and security strategy and its declination in a priority investment programmes), the renewal of the partnership agreement between the G5 and the Alliance, and a <strong>better alignment of the efforts of the two structures in favour of the region&#8217;s development.<\/strong><\/p>\n\n\n\n<div style=\"height:20px\" aria-hidden=\"true\" class=\"wp-block-spacer\"><\/div>\n\n\n\n<figure class=\"wp-block-image size-large\"><img loading=\"lazy\" decoding=\"async\" width=\"1280\" height=\"720\" src=\"https:\/\/www.alliance-sahel.org\/wp-content\/uploads\/2023\/02\/12-edited.jpg\" alt=\"\" class=\"wp-image-11758\" srcset=\"https:\/\/www.alliance-sahel.org\/wp-content\/uploads\/2023\/02\/12-edited.jpg 1280w, https:\/\/www.alliance-sahel.org\/wp-content\/uploads\/2023\/02\/12-edited-768x432.jpg 768w, https:\/\/www.alliance-sahel.org\/wp-content\/uploads\/2023\/02\/12-edited-1260x709.jpg 1260w\" sizes=\"(max-width: 1280px) 100vw, 1280px\" \/><figcaption><em>Meeting with the Executive Secretary of the G5 Sahel <\/em><\/figcaption><\/figure>\n\n\n\n<div style=\"height:20px\" aria-hidden=\"true\" class=\"wp-block-spacer\"><\/div>\n\n\n\n<p>Finally, this mission was an opportunity to exchange with the members of the Sahel Alliance present in Mauritania. They shared their vision of the Alliance with the governance bodies and presented a progress report on the implementation of the Integrated Territorial Approach in Hodh ech Chargui, financed by several members of the Sahel Alliance.<\/p>\n\n\n\n<p>During its various visits,<strong> the Sahel Alliance delegation reaffirmed the need to act on the root causes of instability in the Sahel<\/strong>, to <strong>pursue efforts in the most fragile areas, to support stabilisation policies guaranteeing the protection of civilians<\/strong>, while <strong>amplifying actions in prevention areas in order to limit the spread of conflicts and crises.<\/strong><\/p>\n\n\n\n<div style=\"height:20px\" aria-hidden=\"true\" class=\"wp-block-spacer\"><\/div>\n\n\n\n<p class=\"has-text-color has-medium-font-size\" style=\"color:#384066\"><strong>The Sahel Alliance in Mauritania<\/strong><\/p>\n\n\n<div class=\"wp-block-image\">\n<figure class=\"alignleft size-large is-resized\"><img decoding=\"async\" src=\"https:\/\/www.alliance-sahel.org\/wp-content\/uploads\/2023\/03\/AUD_8042-edited.jpg\" alt=\"\" class=\"wp-image-11798\" width=\"315\" srcset=\"https:\/\/www.alliance-sahel.org\/wp-content\/uploads\/2023\/03\/AUD_8042-edited.jpg 1365w, https:\/\/www.alliance-sahel.org\/wp-content\/uploads\/2023\/03\/AUD_8042-edited-768x1025.jpg 768w, https:\/\/www.alliance-sahel.org\/wp-content\/uploads\/2023\/03\/AUD_8042-edited-1260x1682.jpg 1260w, https:\/\/www.alliance-sahel.org\/wp-content\/uploads\/2023\/03\/AUD_8042-edited-1151x1536.jpg 1151w\" sizes=\"(max-width: 1365px) 100vw, 1365px\" \/><\/figure><\/div>\n\n\n<p><strong>The members of the Sahel Alliance are mobilising to provide a collective and concerted response to the development priorities of the Mauritanian authorities. As of 31 December 2021, the project portfolio of the members of the Sahel Alliance present in Mauritania is made up of 122 ongoing projects for a committed amount of 1.4 billion. The two main sectors of intervention are decentralisation and basic services (51%), agriculture, rural development and food security (20%) and represent 71% of the amounts appraised and committed in Mauritania.<\/strong><\/p>\n\n\n\n<div style=\"height:20px\" aria-hidden=\"true\" class=\"wp-block-spacer\"><\/div>\n\n\n\n<hr class=\"wp-block-separator has-text-color has-alpha-channel-opacity has-background\" style=\"background-color:#384066;color:#384066\"\/>\n\n\n\n<p><strong>Go further<\/strong><\/p>\n\n\n\n<ul><li><a href=\"https:\/\/www.alliance-sahel.org\/en\/contact\/#newsletter\">Subscribe to the Sahel Alliance newsletter<\/a><\/li><li><a href=\"https:\/\/www.alliance-sahel.org\/en\/press\/\">Read the latest articles<\/a><\/li><\/ul>\n","protected":false},"excerpt":{"rendered":"<p>The Sahel Alliance visited the Mauritanian authorities in the aftermath of the extraordinary summit of G5 Sahel heads of state held in N\u2019Djamena on 20 February 2023.<\/p>\n","protected":false},"author":1,"featured_media":11771,"comment_status":"closed","ping_status":"closed","sticky":false,"template":"","format":"standard","meta":{"_acf_changed":false,"footnotes":""},"categories":[63,61],"tags":[73,211,206,158],"thematiques":[],"types-de-ressources":[],"pays":[],"secteurs-intervention":[],"acf":[],"_links":{"self":[{"href":"https:\/\/www.alliance-sahel.org\/en\/wp-json\/wp\/v2\/posts\/11791"}],"collection":[{"href":"https:\/\/www.alliance-sahel.org\/en\/wp-json\/wp\/v2\/posts"}],"about":[{"href":"https:\/\/www.alliance-sahel.org\/en\/wp-json\/wp\/v2\/types\/post"}],"author":[{"embeddable":true,"href":"https:\/\/www.alliance-sahel.org\/en\/wp-json\/wp\/v2\/users\/1"}],"replies":[{"embeddable":true,"href":"https:\/\/www.alliance-sahel.org\/en\/wp-json\/wp\/v2\/comments?post=11791"}],"version-history":[{"count":0,"href":"https:\/\/www.alliance-sahel.org\/en\/wp-json\/wp\/v2\/posts\/11791\/revisions"}],"wp:featuredmedia":[{"embeddable":true,"href":"https:\/\/www.alliance-sahel.org\/en\/wp-json\/wp\/v2\/media\/11771"}],"wp:attachment":[{"href":"https:\/\/www.alliance-sahel.org\/en\/wp-json\/wp\/v2\/media?parent=11791"}],"wp:term":[{"taxonomy":"category","embeddable":true,"href":"https:\/\/www.alliance-sahel.org\/en\/wp-json\/wp\/v2\/categories?post=11791"},{"taxonomy":"post_tag","embeddable":true,"href":"https:\/\/www.alliance-sahel.org\/en\/wp-json\/wp\/v2\/tags?post=11791"},{"taxonomy":"thematiques","embeddable":true,"href":"https:\/\/www.alliance-sahel.org\/en\/wp-json\/wp\/v2\/thematiques?post=11791"},{"taxonomy":"types-de-ressources","embeddable":true,"href":"https:\/\/www.alliance-sahel.org\/en\/wp-json\/wp\/v2\/types-de-ressources?post=11791"},{"taxonomy":"pays","embeddable":true,"href":"https:\/\/www.alliance-sahel.org\/en\/wp-json\/wp\/v2\/pays?post=11791"},{"taxonomy":"secteurs-intervention","embeddable":true,"href":"https:\/\/www.alliance-sahel.org\/en\/wp-json\/wp\/v2\/secteurs-intervention?post=11791"}],"curies":[{"name":"wp","href":"https:\/\/api.w.org\/{rel}","templated":true}]}}