{"id":2189,"date":"2021-06-09T10:24:09","date_gmt":"2021-06-09T08:24:09","guid":{"rendered":"https:\/\/www.alliance-sahel.org\/?p=2189"},"modified":"2021-06-09T10:29:23","modified_gmt":"2021-06-09T08:29:23","slug":"digital-technology-and-employment-for-young-people-in-the-sahel-meeting-the-challenges-and-creating-opportunities","status":"publish","type":"post","link":"https:\/\/www.alliance-sahel.org\/en\/presse\/digital-technology-and-employment-for-young-people-in-the-sahel-meeting-the-challenges-and-creating-opportunities\/","title":{"rendered":"Digital technology and employment for young people in the Sahel: meeting the challenges and creating opportunities"},"content":{"rendered":"<h3>On Thursday 3 June, a workshop was held in videoconference format to discuss the prospects of digital technology for developing youth employment in the Sahel. This event, initiated by the Organisation Internationale de la Francophonie (OIF), was held within the framework of the &#8220;private sector&#8221; working group of the Sahel Alliance.<\/h3>\n<p>&nbsp;<\/p>\n<h3><img loading=\"lazy\" decoding=\"async\" class=\"alignnone wp-image-2181 size-medium\" src=\"https:\/\/www.alliance-sahel.org\/wp-content\/uploads\/2021\/06\/event-digit-768x384.jpg\" alt=\"\" width=\"768\" height=\"384\" srcset=\"https:\/\/www.alliance-sahel.org\/wp-content\/uploads\/2021\/06\/event-digit-768x384.jpg 768w, https:\/\/www.alliance-sahel.org\/wp-content\/uploads\/2021\/06\/event-digit.jpg 900w\" sizes=\"(max-width: 768px) 100vw, 768px\" \/><\/h3>\n<p>The rationale for choosing this particular topic is obvious: for many years now, <strong>digital technology has played an essential role in the development of countries<\/strong>.\u00a0 Reinventing a professional offer adapted to the digital transformation of the economy is becoming a major challenge for all French-speaking countries affected by the changes in the employment market and the explosion of new digital professions.<\/p>\n<p>Taking up this challenge would not only allow the <strong>adaptation of economies and the labour market to the digital transformation<\/strong> of societies but will above all offer <strong>new perspectives to young people<\/strong>! They are still too severely affected by unemployment and are largely exposed to the many risks of often precarious employment, particularly in the Sahel. In this region, 65% of the population is under 25 years of age but represents less than 10% of the active population.<\/p>\n<blockquote><p><em>The issue of youth and its access to employment is at the heart of the peace-security-development nexus. The prevalent situation regarding youth and employment is very specific to the Sahel: 65% of the population is under 25 years old, but represents less than 10% of the active population. At the request of the Secretary General, the IOF has developed a series of initiatives: Radio Jeunesse Sahel to connect young people and provide them with useful information. Also the D-clic programme, which will reach 3,000 learners and which focuses on digital\u00a0training<\/em>\u00a0<span style=\"font-size: 16px;\">\u00bb,\u00a0<\/span>as emphasised by Mr Henri Eli Monceau, Director of the Economic and Digital Francophonie, in his introductory speech.<\/p><\/blockquote>\n<p>The workshop provided an opportunity to share inspiring experiences and present initiatives to support training and employment for young people in the Sahel. As a reminder, <strong>young people are one of the priorities of the Sahel Alliance, whose members support training and job creation initiatives to the tune of more than 1.5 billion euros.<\/strong><\/p>\n<p>&nbsp;<\/p>\n<h2><strong>Providing young people with an innovative framework to enhance their skills<\/strong><\/h2>\n<blockquote><p><em>The digitisation of the economy and skills is important for students just out of school, but also for young people who are already working and who have not had the chance to be trained in digital technology. Efforts must focus on offering these young employees (often in the informal sector) an innovative framework that allows them to strengthen their digital skills and use them to digitise their activities, to access the market\u00a0<span style=\"font-size: 16px;\">\u00bb,<\/span><\/em>\u00a0according to Fr\u00e9d\u00e9ric Lapeyre, Director of the ILO office in C\u00f4te d&#8217;Ivoire.<\/p><\/blockquote>\n<p>Among the concrete initiatives presented during the workshop, Ms Keita Leila described the <a href=\"http:\/\/www.kabakoo.africa\/\" target=\"_blank\" rel=\"noopener\"><u>KABAKOO project<\/u><\/a> &#8211; working in local entrepreneurship anchored in digital technology. The Kabakoo learning experience enables young people in Africa to acquire the skills to create businesses, get jobs and overcome gender inequalities through 6 to 18 month training courses. It is thanks to this project that Sene Yiriwa, in Mali, has launched its structure for designing precision agricultural solutions (such as smart irrigation stations). 3 jobs have already been created and the income from the project is 99 times higher than the average monthly salary in Mali! An inspiring success story for young Sahelian entrepreneurs.<\/p>\n<p>In line with the conclusions and recommendations of the &#8220;Dialogue with the Sahelian private sector&#8221; organised by the Sahel Alliance&#8217;s \u201cprivate sector\u201d working group on 15 February 2021, this workshop stressed the importance of digital technology for the private sector in the Sahel, emphasising support for training, entrepreneurship and the creation of income-generating activities in this field, as well as the role of information in raising awareness of these issues and communicating about the opportunities in the region. Undoubtedly a debate to be continued and new synergies to be created.<\/p>\n<p>&nbsp;<\/p>\n<p>&#8212;&#8211;<\/p>\n<p>More information on the &#8220;Radio Jeunesse Sahel&#8221; project supported by the OIF:\u00a0<a href=\"http:\/\/www.radiojeunessesahel.com\" target=\"_blank\" rel=\"noopener\">www.radiojeunessesahel.com<\/a><\/p>\n","protected":false},"excerpt":{"rendered":"<p>On Thursday 3 June, a workshop was held in videoconference format to discuss the prospects of digital technology for developing&#8230;<\/p>\n","protected":false},"author":1,"featured_media":3224,"comment_status":"closed","ping_status":"closed","sticky":false,"template":"","format":"standard","meta":{"_acf_changed":false,"footnotes":""},"categories":[65,63,54],"tags":[],"thematiques":[],"types-de-ressources":[],"pays":[],"secteurs-intervention":[],"acf":[],"_links":{"self":[{"href":"https:\/\/www.alliance-sahel.org\/en\/wp-json\/wp\/v2\/posts\/2189"}],"collection":[{"href":"https:\/\/www.alliance-sahel.org\/en\/wp-json\/wp\/v2\/posts"}],"about":[{"href":"https:\/\/www.alliance-sahel.org\/en\/wp-json\/wp\/v2\/types\/post"}],"author":[{"embeddable":true,"href":"https:\/\/www.alliance-sahel.org\/en\/wp-json\/wp\/v2\/users\/1"}],"replies":[{"embeddable":true,"href":"https:\/\/www.alliance-sahel.org\/en\/wp-json\/wp\/v2\/comments?post=2189"}],"version-history":[{"count":0,"href":"https:\/\/www.alliance-sahel.org\/en\/wp-json\/wp\/v2\/posts\/2189\/revisions"}],"wp:featuredmedia":[{"embeddable":true,"href":"https:\/\/www.alliance-sahel.org\/en\/wp-json\/wp\/v2\/media\/3224"}],"wp:attachment":[{"href":"https:\/\/www.alliance-sahel.org\/en\/wp-json\/wp\/v2\/media?parent=2189"}],"wp:term":[{"taxonomy":"category","embeddable":true,"href":"https:\/\/www.alliance-sahel.org\/en\/wp-json\/wp\/v2\/categories?post=2189"},{"taxonomy":"post_tag","embeddable":true,"href":"https:\/\/www.alliance-sahel.org\/en\/wp-json\/wp\/v2\/tags?post=2189"},{"taxonomy":"thematiques","embeddable":true,"href":"https:\/\/www.alliance-sahel.org\/en\/wp-json\/wp\/v2\/thematiques?post=2189"},{"taxonomy":"types-de-ressources","embeddable":true,"href":"https:\/\/www.alliance-sahel.org\/en\/wp-json\/wp\/v2\/types-de-ressources?post=2189"},{"taxonomy":"pays","embeddable":true,"href":"https:\/\/www.alliance-sahel.org\/en\/wp-json\/wp\/v2\/pays?post=2189"},{"taxonomy":"secteurs-intervention","embeddable":true,"href":"https:\/\/www.alliance-sahel.org\/en\/wp-json\/wp\/v2\/secteurs-intervention?post=2189"}],"curies":[{"name":"wp","href":"https:\/\/api.w.org\/{rel}","templated":true}]}}